{"id":2373,"date":"2022-09-12T09:38:51","date_gmt":"2022-09-12T07:38:51","guid":{"rendered":"https:\/\/congresoenvejecimientoysalud.com\/?p=2373"},"modified":"2022-09-12T09:39:12","modified_gmt":"2022-09-12T07:39:12","slug":"la-prevencion-es-la-clave","status":"publish","type":"post","link":"https:\/\/congresoenvejecimientoysalud.com\/pt\/la-prevencion-es-la-clave\/","title":{"rendered":"\u00bfLa Prevenci\u00f3n es la Clave?"},"content":{"rendered":"<p>D. Fausto Jos\u00e9 Barbero, decano de la facultad de Enfermer\u00eda y Fisioterapia de la Universidad de Salamanca, nos cuenta si la prevenci\u00f3n es la clave desde la mirada de la Fisioterapia y la Terapia Ocupacional. El decano estar\u00e1 en la mesa 1, dedicada a la atenci\u00f3n a la dependencia, dentro del I Congreso de Envejecimiento y Salud de la ciudad de Salamanca.<\/p>\n\n\n\n<p>En el video que se ofrece a continuaci\u00f3n, el decano invita a participar en el Congreso, que seg\u00fan sus palabras, es un salto que se va a desarrollar en nuestra ciudad a finales del mes de octubre.<\/p>\n\n\n\n<figure class=\"wp-block-embed is-type-video is-provider-youtube wp-block-embed-youtube wp-embed-aspect-16-9 wp-has-aspect-ratio\"><div class=\"wp-block-embed__wrapper\">\n<div class=\"ast-oembed-container\" style=\"height: 100%;\"><iframe loading=\"lazy\" title=\"D. Fausto Jos\u00e9 Barbero Iglesias manda un saludo al I Congreso Envejecimiento y Salud de Salamanca\" width=\"500\" height=\"281\" src=\"https:\/\/www.youtube.com\/embed\/G05e6rRXvns?feature=oembed\" frameborder=\"0\" allow=\"accelerometer; autoplay; clipboard-write; encrypted-media; gyroscope; picture-in-picture; web-share\" referrerpolicy=\"strict-origin-when-cross-origin\" allowfullscreen><\/iframe><\/div>\n<\/div><\/figure>","protected":false},"excerpt":{"rendered":"<p>D. Fausto Jos\u00e9 Barbero, decano de la facultad de Enfermer\u00eda y Fisioterapia de la Universidad de Salamanca, nos cuenta si la prevenci\u00f3n es la clave &hellip;<\/p>\n<p class=\"read-more\"> <a class=\"\" href=\"https:\/\/congresoenvejecimientoysalud.com\/pt\/la-prevencion-es-la-clave\/\"> <span class=\"screen-reader-text\">\u00bfLa Prevenci\u00f3n es la Clave?<\/span> Read More &raquo;<\/a><\/p>","protected":false},"author":1,"featured_media":2374,"comment_status":"closed","ping_status":"","sticky":false,"template":"","format":"standard","meta":{"site-sidebar-layout":"default","site-content-layout":"default","ast-global-header-display":"","ast-main-header-display":"","ast-hfb-above-header-display":"","ast-hfb-below-header-display":"","ast-hfb-mobile-header-display":"","site-post-title":"","ast-breadcrumbs-content":"","ast-featured-img":"","footer-sml-layout":"","theme-transparent-header-meta":"","adv-header-id-meta":"","stick-header-meta":"","header-above-stick-meta":"","header-main-stick-meta":"","header-below-stick-meta":"","footnotes":""},"categories":[1],"tags":[],"class_list":["post-2373","post","type-post","status-publish","format-standard","has-post-thumbnail","hentry","category-uncategorized"],"_links":{"self":[{"href":"https:\/\/congresoenvejecimientoysalud.com\/pt\/wp-json\/wp\/v2\/posts\/2373","targetHints":{"allow":["GET"]}}],"collection":[{"href":"https:\/\/congresoenvejecimientoysalud.com\/pt\/wp-json\/wp\/v2\/posts"}],"about":[{"href":"https:\/\/congresoenvejecimientoysalud.com\/pt\/wp-json\/wp\/v2\/types\/post"}],"author":[{"embeddable":true,"href":"https:\/\/congresoenvejecimientoysalud.com\/pt\/wp-json\/wp\/v2\/users\/1"}],"replies":[{"embeddable":true,"href":"https:\/\/congresoenvejecimientoysalud.com\/pt\/wp-json\/wp\/v2\/comments?post=2373"}],"version-history":[{"count":5,"href":"https:\/\/congresoenvejecimientoysalud.com\/pt\/wp-json\/wp\/v2\/posts\/2373\/revisions"}],"predecessor-version":[{"id":2379,"href":"https:\/\/congresoenvejecimientoysalud.com\/pt\/wp-json\/wp\/v2\/posts\/2373\/revisions\/2379"}],"wp:featuredmedia":[{"embeddable":true,"href":"https:\/\/congresoenvejecimientoysalud.com\/pt\/wp-json\/wp\/v2\/media\/2374"}],"wp:attachment":[{"href":"https:\/\/congresoenvejecimientoysalud.com\/pt\/wp-json\/wp\/v2\/media?parent=2373"}],"wp:term":[{"taxonomy":"category","embeddable":true,"href":"https:\/\/congresoenvejecimientoysalud.com\/pt\/wp-json\/wp\/v2\/categories?post=2373"},{"taxonomy":"post_tag","embeddable":true,"href":"https:\/\/congresoenvejecimientoysalud.com\/pt\/wp-json\/wp\/v2\/tags?post=2373"}],"curies":[{"name":"wp","href":"https:\/\/api.w.org\/{rel}","templated":true}]}}