{"id":2367,"date":"2022-09-12T09:21:13","date_gmt":"2022-09-12T07:21:13","guid":{"rendered":"https:\/\/congresoenvejecimientoysalud.com\/?p=2367"},"modified":"2022-09-12T09:22:39","modified_gmt":"2022-09-12T07:22:39","slug":"las-enfermedades-neurodegenerativas-son-un-enorme-problema-socioeconomico","status":"publish","type":"post","link":"https:\/\/congresoenvejecimientoysalud.com\/es\/las-enfermedades-neurodegenerativas-son-un-enorme-problema-socioeconomico\/","title":{"rendered":"Las Enfermedades Neurodegenerativas son un enorme problema socioecon\u00f3mico"},"content":{"rendered":"\n<p>El Doctor, Javier Herrero Turri\u00f3n, Director cient\u00edfico del Banco de Tejidos Neurol\u00f3gicos del Instituto de Neurociencias de Castilla y Le\u00f3n (BTN-INCYL), afirma que las enfermedades neurodegenerativas no solo son un drama personal y familiar para quienes las padecen, tambi\u00e9n es un enorme problema socioecon\u00f3mico. Seg\u00fan el doctor, la sociedad en su conjunto debe ser consciente de ello para intentar buscar soluciones.<\/p>\n\n\n\n<p>En este v\u00eddeo que encontrar\u00e1s a continuaci\u00f3n, el Doctor invita a participar en el I Congreso de Envejecimiento y Salud de la Ciudad de Salamanca y nos habla sobre su ponencia: El impacto de las enfermedades neurodegenerativas en el siglo XXI.<\/p>\n\n\n\n<figure class=\"wp-block-embed is-type-video is-provider-youtube wp-block-embed-youtube wp-embed-aspect-16-9 wp-has-aspect-ratio\"><div class=\"wp-block-embed__wrapper\">\n<div class=\"ast-oembed-container\" style=\"height: 100%;\"><iframe loading=\"lazy\" title=\"El Dr. Javier Herrero Turri\u00f3n manda un saludo al I Congreso Envejecimiento y Salud de Salamanca\" width=\"500\" height=\"281\" src=\"https:\/\/www.youtube.com\/embed\/26oRuXVCkmM?feature=oembed\" frameborder=\"0\" allow=\"accelerometer; autoplay; clipboard-write; encrypted-media; gyroscope; picture-in-picture; web-share\" referrerpolicy=\"strict-origin-when-cross-origin\" allowfullscreen><\/iframe><\/div>\n<\/div><\/figure>\n","protected":false},"excerpt":{"rendered":"<p>El Doctor, Javier Herrero Turri\u00f3n, Director cient\u00edfico del Banco de Tejidos Neurol\u00f3gicos del Instituto de Neurociencias de Castilla y Le\u00f3n (BTN-INCYL), afirma que las enfermedades &hellip;<\/p>\n<p class=\"read-more\"> <a class=\"\" href=\"https:\/\/congresoenvejecimientoysalud.com\/es\/las-enfermedades-neurodegenerativas-son-un-enorme-problema-socioeconomico\/\"> <span class=\"screen-reader-text\">Las Enfermedades Neurodegenerativas son un enorme problema socioecon\u00f3mico<\/span> Leer m\u00e1s &raquo;<\/a><\/p>\n","protected":false},"author":1,"featured_media":2370,"comment_status":"closed","ping_status":"","sticky":false,"template":"","format":"standard","meta":{"site-sidebar-layout":"default","site-content-layout":"default","ast-global-header-display":"","ast-main-header-display":"","ast-hfb-above-header-display":"","ast-hfb-below-header-display":"","ast-hfb-mobile-header-display":"","site-post-title":"","ast-breadcrumbs-content":"","ast-featured-img":"","footer-sml-layout":"","theme-transparent-header-meta":"","adv-header-id-meta":"","stick-header-meta":"","header-above-stick-meta":"","header-main-stick-meta":"","header-below-stick-meta":"","footnotes":""},"categories":[1],"tags":[],"class_list":["post-2367","post","type-post","status-publish","format-standard","has-post-thumbnail","hentry","category-uncategorized"],"_links":{"self":[{"href":"https:\/\/congresoenvejecimientoysalud.com\/es\/wp-json\/wp\/v2\/posts\/2367","targetHints":{"allow":["GET"]}}],"collection":[{"href":"https:\/\/congresoenvejecimientoysalud.com\/es\/wp-json\/wp\/v2\/posts"}],"about":[{"href":"https:\/\/congresoenvejecimientoysalud.com\/es\/wp-json\/wp\/v2\/types\/post"}],"author":[{"embeddable":true,"href":"https:\/\/congresoenvejecimientoysalud.com\/es\/wp-json\/wp\/v2\/users\/1"}],"replies":[{"embeddable":true,"href":"https:\/\/congresoenvejecimientoysalud.com\/es\/wp-json\/wp\/v2\/comments?post=2367"}],"version-history":[{"count":3,"href":"https:\/\/congresoenvejecimientoysalud.com\/es\/wp-json\/wp\/v2\/posts\/2367\/revisions"}],"predecessor-version":[{"id":2372,"href":"https:\/\/congresoenvejecimientoysalud.com\/es\/wp-json\/wp\/v2\/posts\/2367\/revisions\/2372"}],"wp:featuredmedia":[{"embeddable":true,"href":"https:\/\/congresoenvejecimientoysalud.com\/es\/wp-json\/wp\/v2\/media\/2370"}],"wp:attachment":[{"href":"https:\/\/congresoenvejecimientoysalud.com\/es\/wp-json\/wp\/v2\/media?parent=2367"}],"wp:term":[{"taxonomy":"category","embeddable":true,"href":"https:\/\/congresoenvejecimientoysalud.com\/es\/wp-json\/wp\/v2\/categories?post=2367"},{"taxonomy":"post_tag","embeddable":true,"href":"https:\/\/congresoenvejecimientoysalud.com\/es\/wp-json\/wp\/v2\/tags?post=2367"}],"curies":[{"name":"wp","href":"https:\/\/api.w.org\/{rel}","templated":true}]}}