{"id":2345,"date":"2022-09-05T10:51:53","date_gmt":"2022-09-05T08:51:53","guid":{"rendered":"https:\/\/congresoenvejecimientoysalud.com\/?p=2345"},"modified":"2022-09-05T10:51:53","modified_gmt":"2022-09-05T08:51:53","slug":"la-accesibilidad-es-una-condicion-esencial-para-cualquier-persona","status":"publish","type":"post","link":"https:\/\/congresoenvejecimientoysalud.com\/es\/la-accesibilidad-es-una-condicion-esencial-para-cualquier-persona\/","title":{"rendered":"La accesibilidad es una condici\u00f3n esencial para cualquier persona"},"content":{"rendered":"\n<p>D. Miguel \u00c1ngel Valero Duboy, Doctor Ingeniero de Telecomunicaci\u00f3n, profesor de Universidad y exdirector de CEAPAT, IMSERSO mantiene la idea de que s\u00ed es posible desarrollar entornos universalmente accesibles para todas las personas con independencia de su capacidad cognitiva, f\u00edsica o sensorial. Tenemos el honor de que D. Miguel inaugure el I Congreso de Salud y Envejecimiento con su ponencia \u00abAccesibilidad Universal. Haciendo Entornos Universalmente Accesibles\u00bb.<\/p>\n\n\n\n<p>Seg\u00fan el doctor, hay que tener en cuenta desde el primer momento, el dise\u00f1o para todas las personas  contemplando la norma de diversidad de la poblaci\u00f3n mayor.<\/p>\n\n\n\n<p>En el v\u00eddeo que encontrar\u00e1s  a continuaci\u00f3n, D. Miguel  manda un saludo y establece los temas m\u00e1s importantes de la ponencia que dar\u00e1 en el I Congreso de Salud y Envejecimiento de la ciudad de Salamanca.<\/p>\n\n\n\n<figure class=\"wp-block-embed is-type-video is-provider-youtube wp-block-embed-youtube wp-embed-aspect-16-9 wp-has-aspect-ratio\"><div class=\"wp-block-embed__wrapper\">\n<div class=\"ast-oembed-container\" style=\"height: 100%;\"><iframe loading=\"lazy\" title=\"D. Miguel \u00c1ngel Valero Duboy manda un saludo al I Congreso Envejecimiento y Salud de Salamanca\" width=\"500\" height=\"281\" src=\"https:\/\/www.youtube.com\/embed\/gwZ04ANanzc?feature=oembed\" frameborder=\"0\" allow=\"accelerometer; autoplay; clipboard-write; encrypted-media; gyroscope; picture-in-picture; web-share\" referrerpolicy=\"strict-origin-when-cross-origin\" allowfullscreen><\/iframe><\/div>\n<\/div><\/figure>\n","protected":false},"excerpt":{"rendered":"<p>D. Miguel \u00c1ngel Valero Duboy, Doctor Ingeniero de Telecomunicaci\u00f3n, profesor de Universidad y exdirector de CEAPAT, IMSERSO mantiene la idea de que s\u00ed es posible &hellip;<\/p>\n<p class=\"read-more\"> <a class=\"\" href=\"https:\/\/congresoenvejecimientoysalud.com\/es\/la-accesibilidad-es-una-condicion-esencial-para-cualquier-persona\/\"> <span class=\"screen-reader-text\">La accesibilidad es una condici\u00f3n esencial para cualquier persona<\/span> Leer m\u00e1s &raquo;<\/a><\/p>\n","protected":false},"author":1,"featured_media":2347,"comment_status":"closed","ping_status":"","sticky":false,"template":"","format":"standard","meta":{"site-sidebar-layout":"default","site-content-layout":"default","ast-global-header-display":"","ast-main-header-display":"","ast-hfb-above-header-display":"","ast-hfb-below-header-display":"","ast-hfb-mobile-header-display":"","site-post-title":"","ast-breadcrumbs-content":"","ast-featured-img":"","footer-sml-layout":"","theme-transparent-header-meta":"","adv-header-id-meta":"","stick-header-meta":"","header-above-stick-meta":"","header-main-stick-meta":"","header-below-stick-meta":"","footnotes":""},"categories":[1],"tags":[],"class_list":["post-2345","post","type-post","status-publish","format-standard","has-post-thumbnail","hentry","category-uncategorized"],"_links":{"self":[{"href":"https:\/\/congresoenvejecimientoysalud.com\/es\/wp-json\/wp\/v2\/posts\/2345","targetHints":{"allow":["GET"]}}],"collection":[{"href":"https:\/\/congresoenvejecimientoysalud.com\/es\/wp-json\/wp\/v2\/posts"}],"about":[{"href":"https:\/\/congresoenvejecimientoysalud.com\/es\/wp-json\/wp\/v2\/types\/post"}],"author":[{"embeddable":true,"href":"https:\/\/congresoenvejecimientoysalud.com\/es\/wp-json\/wp\/v2\/users\/1"}],"replies":[{"embeddable":true,"href":"https:\/\/congresoenvejecimientoysalud.com\/es\/wp-json\/wp\/v2\/comments?post=2345"}],"version-history":[{"count":1,"href":"https:\/\/congresoenvejecimientoysalud.com\/es\/wp-json\/wp\/v2\/posts\/2345\/revisions"}],"predecessor-version":[{"id":2348,"href":"https:\/\/congresoenvejecimientoysalud.com\/es\/wp-json\/wp\/v2\/posts\/2345\/revisions\/2348"}],"wp:featuredmedia":[{"embeddable":true,"href":"https:\/\/congresoenvejecimientoysalud.com\/es\/wp-json\/wp\/v2\/media\/2347"}],"wp:attachment":[{"href":"https:\/\/congresoenvejecimientoysalud.com\/es\/wp-json\/wp\/v2\/media?parent=2345"}],"wp:term":[{"taxonomy":"category","embeddable":true,"href":"https:\/\/congresoenvejecimientoysalud.com\/es\/wp-json\/wp\/v2\/categories?post=2345"},{"taxonomy":"post_tag","embeddable":true,"href":"https:\/\/congresoenvejecimientoysalud.com\/es\/wp-json\/wp\/v2\/tags?post=2345"}],"curies":[{"name":"wp","href":"https:\/\/api.w.org\/{rel}","templated":true}]}}