{"id":2187,"date":"2022-07-27T12:34:30","date_gmt":"2022-07-27T10:34:30","guid":{"rendered":"https:\/\/congresoenvejecimientoysalud.com\/?p=2187"},"modified":"2022-07-27T12:50:11","modified_gmt":"2022-07-27T10:50:11","slug":"el-i-congreso-de-envejecimiento-y-salud-se-abre-a-la-innovacion-con-la-participacion-de-startups-y-emprendedores-vinculados-a-los-mayores","status":"publish","type":"post","link":"https:\/\/congresoenvejecimientoysalud.com\/es\/el-i-congreso-de-envejecimiento-y-salud-se-abre-a-la-innovacion-con-la-participacion-de-startups-y-emprendedores-vinculados-a-los-mayores\/","title":{"rendered":"Abiertos a participaci\u00f3n de \u2018startups\u2019 y emprendedores vinculados a los mayores"},"content":{"rendered":"\n<p>El I Congreso de Envejecimiento y Salud que organiza el Ayuntamiento de Salamanca para los d\u00edas 20 y 21 de octubre da un nuevo paso abri\u00e9ndose a la innovaci\u00f3n invitando a participar a \u2018startups\u2019 y emprendedores vinculados al sector de las personas mayores y la salud.<\/p>\n\n\n\n<p>En el marco de este encuentro hispanoluso con la asistencia de las Universidades de Oporto y de Beira Interior y el prestigioso m\u00e9dico psiquiatra Enrique Rojas Montes, entre otros, los participantes podr\u00e1n defender la excelencia de sus proyectos para impulsar el envejecimiento saludable, la esencia del congreso, mientras que el comit\u00e9 organizador ser\u00e1 el encargado de seleccionar un total de diez proyectos del que uno de ellos resultar\u00e1 premiado.<\/p>\n\n\n\n<p>Los interesados podr\u00e1n presentar sus candidaturas hasta el 30 de septiembre en la web del congreso https:\/\/congresoenvejecimientoysalud.com\/<\/p>\n\n\n\n<p>Por otra parte, el Ayuntamiento, que cuenta con la colaboraci\u00f3n de la Junta de Castilla y Le\u00f3n, la Universidad de Salamanca (USAL) y la Universidad Pontificia de Salamanca (UPSA), ha incorporado al programa una quinta mesa redonda especializada en Neurociencias y Capacidades Cognitivas, que abordar\u00e1 el impacto de las enfermedades neurodegenerativas en el siglo XXI; Neuroanatom\u00eda y claves psicosociales para un buen envejecer y el proyecto EDADES, \u00bfEs posible prevenir el Alzheimer?<\/p>\n\n\n\n<figure class=\"wp-block-image size-large is-resized\"><img decoding=\"async\" src=\"https:\/\/congresoenvejecimientoysalud.com\/wp-content\/uploads\/2022\/07\/img-pantalla-congreso-ok-1024x576.jpg\" alt=\"\" class=\"wp-image-2190\" width=\"900\" srcset=\"https:\/\/congresoenvejecimientoysalud.com\/wp-content\/uploads\/2022\/07\/img-pantalla-congreso-ok-1024x576.jpg 1024w, https:\/\/congresoenvejecimientoysalud.com\/wp-content\/uploads\/2022\/07\/img-pantalla-congreso-ok-300x169.jpg 300w, https:\/\/congresoenvejecimientoysalud.com\/wp-content\/uploads\/2022\/07\/img-pantalla-congreso-ok-768x432.jpg 768w, https:\/\/congresoenvejecimientoysalud.com\/wp-content\/uploads\/2022\/07\/img-pantalla-congreso-ok-1536x864.jpg 1536w, https:\/\/congresoenvejecimientoysalud.com\/wp-content\/uploads\/2022\/07\/img-pantalla-congreso-ok-18x10.jpg 18w, https:\/\/congresoenvejecimientoysalud.com\/wp-content\/uploads\/2022\/07\/img-pantalla-congreso-ok.jpg 1920w\" sizes=\"(max-width: 1024px) 100vw, 1024px\" \/><\/figure>\n\n\n\n<p>Adem\u00e1s, durante las sesiones se analizar\u00e1 la Atenci\u00f3n a la Dependencia; la Autonom\u00eda Personal, Accesibilidad y Digitalizaci\u00f3n; el Buen Trato, Edadismo y Salud Emocional; y la Gobernanza y Participaci\u00f3n Social.<\/p>\n\n\n\n<p>El encuentro contar\u00e1 con destacados ponentes de Espa\u00f1a y Portugal. Tras su presentaci\u00f3n, hace tan solo un mes, esta cita hispano-lusa ya tiene m\u00e1s de 250 inscripciones.<\/p>\n","protected":false},"excerpt":{"rendered":"<p>El I Congreso de Envejecimiento y Salud que organiza el Ayuntamiento de Salamanca para los d\u00edas 20 y 21 de octubre da un nuevo paso &hellip;<\/p>\n<p class=\"read-more\"> <a class=\"\" href=\"https:\/\/congresoenvejecimientoysalud.com\/es\/el-i-congreso-de-envejecimiento-y-salud-se-abre-a-la-innovacion-con-la-participacion-de-startups-y-emprendedores-vinculados-a-los-mayores\/\"> <span class=\"screen-reader-text\">Abiertos a participaci\u00f3n de \u2018startups\u2019 y emprendedores vinculados a los mayores<\/span> Leer m\u00e1s &raquo;<\/a><\/p>\n","protected":false},"author":1,"featured_media":2193,"comment_status":"closed","ping_status":"","sticky":false,"template":"","format":"standard","meta":{"site-sidebar-layout":"default","site-content-layout":"default","ast-global-header-display":"","ast-main-header-display":"","ast-hfb-above-header-display":"","ast-hfb-below-header-display":"","ast-hfb-mobile-header-display":"","site-post-title":"","ast-breadcrumbs-content":"","ast-featured-img":"","footer-sml-layout":"","theme-transparent-header-meta":"","adv-header-id-meta":"","stick-header-meta":"","header-above-stick-meta":"","header-main-stick-meta":"","header-below-stick-meta":"","footnotes":""},"categories":[1],"tags":[],"class_list":["post-2187","post","type-post","status-publish","format-standard","has-post-thumbnail","hentry","category-uncategorized"],"_links":{"self":[{"href":"https:\/\/congresoenvejecimientoysalud.com\/es\/wp-json\/wp\/v2\/posts\/2187","targetHints":{"allow":["GET"]}}],"collection":[{"href":"https:\/\/congresoenvejecimientoysalud.com\/es\/wp-json\/wp\/v2\/posts"}],"about":[{"href":"https:\/\/congresoenvejecimientoysalud.com\/es\/wp-json\/wp\/v2\/types\/post"}],"author":[{"embeddable":true,"href":"https:\/\/congresoenvejecimientoysalud.com\/es\/wp-json\/wp\/v2\/users\/1"}],"replies":[{"embeddable":true,"href":"https:\/\/congresoenvejecimientoysalud.com\/es\/wp-json\/wp\/v2\/comments?post=2187"}],"version-history":[{"count":6,"href":"https:\/\/congresoenvejecimientoysalud.com\/es\/wp-json\/wp\/v2\/posts\/2187\/revisions"}],"predecessor-version":[{"id":2197,"href":"https:\/\/congresoenvejecimientoysalud.com\/es\/wp-json\/wp\/v2\/posts\/2187\/revisions\/2197"}],"wp:featuredmedia":[{"embeddable":true,"href":"https:\/\/congresoenvejecimientoysalud.com\/es\/wp-json\/wp\/v2\/media\/2193"}],"wp:attachment":[{"href":"https:\/\/congresoenvejecimientoysalud.com\/es\/wp-json\/wp\/v2\/media?parent=2187"}],"wp:term":[{"taxonomy":"category","embeddable":true,"href":"https:\/\/congresoenvejecimientoysalud.com\/es\/wp-json\/wp\/v2\/categories?post=2187"},{"taxonomy":"post_tag","embeddable":true,"href":"https:\/\/congresoenvejecimientoysalud.com\/es\/wp-json\/wp\/v2\/tags?post=2187"}],"curies":[{"name":"wp","href":"https:\/\/api.w.org\/{rel}","templated":true}]}}